{"id":2014,"date":"2023-04-02T19:31:20","date_gmt":"2023-04-02T19:31:20","guid":{"rendered":"https:\/\/parafia.bystrzyca.eu\/?p=2014"},"modified":"2023-04-02T19:33:57","modified_gmt":"2023-04-02T19:33:57","slug":"2-6-sierpnia-2021-r-piesza-pielgrzymka-na-jasna-gore","status":"publish","type":"post","link":"https:\/\/parafia.bystrzyca.eu\/?p=2014","title":{"rendered":"2-6 sierpnia 2021 r. &#8211;\u00a0Piesza Pielgrzymka na Jasn\u0105 G\u00f3r\u0119"},"content":{"rendered":"<p>Relacja z pielgrzymki &#8211; 06.08.2021<\/p>\n<div style=\"width: 525px;\" class=\"wp-video\"><video class=\"wp-video-shortcode\" id=\"video-2014-1\" width=\"525\" height=\"297\" preload=\"metadata\" controls=\"controls\"><source type=\"video\/mp4\" src=\"https:\/\/parafia.bystrzyca.eu\/wp-content\/uploads\/2021\/02\/VID-20210806-WA0011.mp4?_=1\" \/><a href=\"https:\/\/parafia.bystrzyca.eu\/wp-content\/uploads\/2021\/02\/VID-20210806-WA0011.mp4\">https:\/\/parafia.bystrzyca.eu\/wp-content\/uploads\/2021\/02\/VID-20210806-WA0011.mp4<\/a><\/video><\/div>\n<div style=\"width: 525px;\" class=\"wp-video\"><video class=\"wp-video-shortcode\" id=\"video-2014-2\" width=\"525\" height=\"297\" preload=\"metadata\" controls=\"controls\"><source type=\"video\/mp4\" src=\"https:\/\/parafia.bystrzyca.eu\/wp-content\/uploads\/2021\/02\/VID-20210806-WA0001.mp4?_=2\" \/><a href=\"https:\/\/parafia.bystrzyca.eu\/wp-content\/uploads\/2021\/02\/VID-20210806-WA0001.mp4\">https:\/\/parafia.bystrzyca.eu\/wp-content\/uploads\/2021\/02\/VID-20210806-WA0001.mp4<\/a><\/video><\/div>\n<p>Relacja z pielgrzymki &#8211; 05.08.2021<\/p>\n<div style=\"width: 525px;\" class=\"wp-video\"><video class=\"wp-video-shortcode\" id=\"video-2014-3\" width=\"525\" height=\"297\" preload=\"metadata\" controls=\"controls\"><source type=\"video\/mp4\" src=\"https:\/\/parafia.bystrzyca.eu\/wp-content\/uploads\/2021\/02\/VID-20210805-WA0001.mp4?_=3\" \/><a href=\"https:\/\/parafia.bystrzyca.eu\/wp-content\/uploads\/2021\/02\/VID-20210805-WA0001.mp4\">https:\/\/parafia.bystrzyca.eu\/wp-content\/uploads\/2021\/02\/VID-20210805-WA0001.mp4<\/a><\/video><\/div>\n<p>Relacja z pielgrzymki &#8211; 04.08.2021<\/p>\n<div style=\"width: 525px;\" class=\"wp-video\"><video class=\"wp-video-shortcode\" id=\"video-2014-4\" width=\"525\" height=\"295\" preload=\"metadata\" controls=\"controls\"><source type=\"video\/mp4\" src=\"https:\/\/parafia.bystrzyca.eu\/wp-content\/uploads\/2021\/02\/IMG_4129.mp4?_=4\" \/><a href=\"https:\/\/parafia.bystrzyca.eu\/wp-content\/uploads\/2021\/02\/IMG_4129.mp4\">https:\/\/parafia.bystrzyca.eu\/wp-content\/uploads\/2021\/02\/IMG_4129.mp4<\/a><\/video><\/div>\n<p>Relacja z pielgrzymki &#8211; 03.08.2021<\/p>\n<div style=\"width: 525px;\" class=\"wp-video\"><video class=\"wp-video-shortcode\" id=\"video-2014-5\" width=\"525\" height=\"295\" preload=\"metadata\" controls=\"controls\"><source type=\"video\/mp4\" src=\"https:\/\/parafia.bystrzyca.eu\/wp-content\/uploads\/2021\/02\/IMG_4114-convert-video-online.com_.mp4?_=5\" \/><a href=\"https:\/\/parafia.bystrzyca.eu\/wp-content\/uploads\/2021\/02\/IMG_4114-convert-video-online.com_.mp4\">https:\/\/parafia.bystrzyca.eu\/wp-content\/uploads\/2021\/02\/IMG_4114-convert-video-online.com_.mp4<\/a><\/video><\/div>\n<p>Relacja z pielgrzymki &#8211; 02.08.2021<\/p>\n<div style=\"width: 525px;\" class=\"wp-video\"><video class=\"wp-video-shortcode\" id=\"video-2014-6\" width=\"525\" height=\"297\" preload=\"metadata\" controls=\"controls\"><source type=\"video\/mp4\" src=\"https:\/\/parafia.bystrzyca.eu\/wp-content\/uploads\/2021\/02\/VIDEO-2021-08-02-17-23-01.mp4?_=6\" \/><a href=\"https:\/\/parafia.bystrzyca.eu\/wp-content\/uploads\/2021\/02\/VIDEO-2021-08-02-17-23-01.mp4\">https:\/\/parafia.bystrzyca.eu\/wp-content\/uploads\/2021\/02\/VIDEO-2021-08-02-17-23-01.mp4<\/a><\/video><\/div>\n<p>&nbsp;<\/p>\n","protected":false},"excerpt":{"rendered":"<p>Relacja z pielgrzymki &#8211; 06.08.2021 Relacja z pielgrzymki &#8211; 05.08.2021 Relacja z pielgrzymki &#8211; 04.08.2021 Relacja z pielgrzymki &#8211; 03.08.2021 Relacja z pielgrzymki &#8211; 02.08.2021 &nbsp;<\/p>\n","protected":false},"author":3,"featured_media":0,"comment_status":"closed","ping_status":"closed","sticky":false,"template":"","format":"standard","meta":{"footnotes":""},"categories":[114,111],"tags":[],"class_list":["post-2014","post","type-post","status-publish","format-standard","hentry","category-114","category-a"],"_links":{"self":[{"href":"https:\/\/parafia.bystrzyca.eu\/index.php?rest_route=\/wp\/v2\/posts\/2014","targetHints":{"allow":["GET"]}}],"collection":[{"href":"https:\/\/parafia.bystrzyca.eu\/index.php?rest_route=\/wp\/v2\/posts"}],"about":[{"href":"https:\/\/parafia.bystrzyca.eu\/index.php?rest_route=\/wp\/v2\/types\/post"}],"author":[{"embeddable":true,"href":"https:\/\/parafia.bystrzyca.eu\/index.php?rest_route=\/wp\/v2\/users\/3"}],"replies":[{"embeddable":true,"href":"https:\/\/parafia.bystrzyca.eu\/index.php?rest_route=%2Fwp%2Fv2%2Fcomments&post=2014"}],"version-history":[{"count":1,"href":"https:\/\/parafia.bystrzyca.eu\/index.php?rest_route=\/wp\/v2\/posts\/2014\/revisions"}],"predecessor-version":[{"id":2015,"href":"https:\/\/parafia.bystrzyca.eu\/index.php?rest_route=\/wp\/v2\/posts\/2014\/revisions\/2015"}],"wp:attachment":[{"href":"https:\/\/parafia.bystrzyca.eu\/index.php?rest_route=%2Fwp%2Fv2%2Fmedia&parent=2014"}],"wp:term":[{"taxonomy":"category","embeddable":true,"href":"https:\/\/parafia.bystrzyca.eu\/index.php?rest_route=%2Fwp%2Fv2%2Fcategories&post=2014"},{"taxonomy":"post_tag","embeddable":true,"href":"https:\/\/parafia.bystrzyca.eu\/index.php?rest_route=%2Fwp%2Fv2%2Ftags&post=2014"}],"curies":[{"name":"wp","href":"https:\/\/api.w.org\/{rel}","templated":true}]}}