{"id":6085,"date":"2026-08-26T21:07:45","date_gmt":"2026-08-26T21:07:45","guid":{"rendered":"https:\/\/parafia.bystrzyca.eu\/?p=6085"},"modified":"2026-08-26T21:07:45","modified_gmt":"2026-08-26T21:07:45","slug":"26-08-2026-wyjazd-na-rozpoczecie-peregrynacji-obrazu-matki-bozej-czestochowskiej","status":"publish","type":"post","link":"https:\/\/parafia.bystrzyca.eu\/?p=6085","title":{"rendered":"26.08.2026 WYJAZD NA ROZPOCZ\u0118CIE PEREGRYNACJI OBRAZU MATKI BO\u017bEJ CZ\u0118STOCHOWSKIEJ"},"content":{"rendered":"<p>Dzisiaj przedstawiciele naszej parafii wraz z ks. Adrianem uczestniczyli w \u015awidnicy w uroczystym rozpocz\u0119ciu peregrynacji Cudownego Obrazu Matki Bo\u017cej Cz\u0119stochowskiej w diecezji \u015bwidnickiej. \ud83d\ude4f<\/p>\n<p>Po powitaniu Obrazu na \u015bwidnickim Rynku wierni w procesji przeszli do katedry, gdzie sprawowana by\u0142a uroczysta Eucharystia pod przewodnictwem metropolity wroc\u0142awskiego.<\/p>\n<p>To pocz\u0105tek szczeg\u00f3lnego czasu dla ca\u0142ej naszej diecezji. Niech Maryja prowadzi nas do Jezusa i przygotowuje nasze serca na Jej nawiedzenie w naszej parafii.<\/p>\n<p data-wp-editing=\"1\"><a href=\"https:\/\/parafia.bystrzyca.eu\/wp-content\/uploads\/2026\/08\/263b4666-5d94-423c-b2a7-d4b1f6505a55.jpeg\"><img loading=\"lazy\" decoding=\"async\" class=\"alignnone wp-image-6086 size-medium\" src=\"https:\/\/parafia.bystrzyca.eu\/wp-content\/uploads\/2026\/08\/263b4666-5d94-423c-b2a7-d4b1f6505a55-300x225.jpeg\" alt=\"\" width=\"300\" height=\"225\" srcset=\"https:\/\/parafia.bystrzyca.eu\/wp-content\/uploads\/2026\/08\/263b4666-5d94-423c-b2a7-d4b1f6505a55-300x225.jpeg 300w, https:\/\/parafia.bystrzyca.eu\/wp-content\/uploads\/2026\/08\/263b4666-5d94-423c-b2a7-d4b1f6505a55-1024x768.jpeg 1024w, https:\/\/parafia.bystrzyca.eu\/wp-content\/uploads\/2026\/08\/263b4666-5d94-423c-b2a7-d4b1f6505a55-768x576.jpeg 768w, https:\/\/parafia.bystrzyca.eu\/wp-content\/uploads\/2026\/08\/263b4666-5d94-423c-b2a7-d4b1f6505a55-1536x1152.jpeg 1536w, https:\/\/parafia.bystrzyca.eu\/wp-content\/uploads\/2026\/08\/263b4666-5d94-423c-b2a7-d4b1f6505a55.jpeg 1600w\" sizes=\"auto, (max-width: 300px) 100vw, 300px\" \/><\/a> <a href=\"https:\/\/parafia.bystrzyca.eu\/wp-content\/uploads\/2026\/08\/074d0ff6-18f2-4097-adaf-80dd6608422d.jpeg\"><img loading=\"lazy\" decoding=\"async\" class=\"alignnone wp-image-6087 size-medium\" src=\"https:\/\/parafia.bystrzyca.eu\/wp-content\/uploads\/2026\/08\/074d0ff6-18f2-4097-adaf-80dd6608422d-220x300.jpeg\" alt=\"\" width=\"220\" height=\"300\" srcset=\"https:\/\/parafia.bystrzyca.eu\/wp-content\/uploads\/2026\/08\/074d0ff6-18f2-4097-adaf-80dd6608422d-220x300.jpeg 220w, https:\/\/parafia.bystrzyca.eu\/wp-content\/uploads\/2026\/08\/074d0ff6-18f2-4097-adaf-80dd6608422d-750x1024.jpeg 750w, https:\/\/parafia.bystrzyca.eu\/wp-content\/uploads\/2026\/08\/074d0ff6-18f2-4097-adaf-80dd6608422d-768x1048.jpeg 768w, https:\/\/parafia.bystrzyca.eu\/wp-content\/uploads\/2026\/08\/074d0ff6-18f2-4097-adaf-80dd6608422d-1125x1536.jpeg 1125w, https:\/\/parafia.bystrzyca.eu\/wp-content\/uploads\/2026\/08\/074d0ff6-18f2-4097-adaf-80dd6608422d.jpeg 1172w\" sizes=\"auto, (max-width: 220px) 100vw, 220px\" \/><\/a> <a href=\"https:\/\/parafia.bystrzyca.eu\/wp-content\/uploads\/2026\/08\/bbc4c3df-1036-4c1a-b1ed-eb0934889f00.jpeg\"><img loading=\"lazy\" decoding=\"async\" class=\"alignnone wp-image-6088 size-medium\" src=\"https:\/\/parafia.bystrzyca.eu\/wp-content\/uploads\/2026\/08\/bbc4c3df-1036-4c1a-b1ed-eb0934889f00-225x300.jpeg\" alt=\"\" width=\"225\" height=\"300\" srcset=\"https:\/\/parafia.bystrzyca.eu\/wp-content\/uploads\/2026\/08\/bbc4c3df-1036-4c1a-b1ed-eb0934889f00-225x300.jpeg 225w, https:\/\/parafia.bystrzyca.eu\/wp-content\/uploads\/2026\/08\/bbc4c3df-1036-4c1a-b1ed-eb0934889f00-768x1024.jpeg 768w, https:\/\/parafia.bystrzyca.eu\/wp-content\/uploads\/2026\/08\/bbc4c3df-1036-4c1a-b1ed-eb0934889f00-1152x1536.jpeg 1152w, https:\/\/parafia.bystrzyca.eu\/wp-content\/uploads\/2026\/08\/bbc4c3df-1036-4c1a-b1ed-eb0934889f00.jpeg 1200w\" sizes=\"auto, (max-width: 225px) 100vw, 225px\" \/><\/a> <a href=\"https:\/\/parafia.bystrzyca.eu\/wp-content\/uploads\/2026\/08\/b5fe7662-4d34-4be1-9a50-0c3e2759c9de.jpeg\"><img loading=\"lazy\" decoding=\"async\" class=\"alignnone wp-image-6089 size-medium\" src=\"https:\/\/parafia.bystrzyca.eu\/wp-content\/uploads\/2026\/08\/b5fe7662-4d34-4be1-9a50-0c3e2759c9de-225x300.jpeg\" alt=\"\" width=\"225\" height=\"300\" srcset=\"https:\/\/parafia.bystrzyca.eu\/wp-content\/uploads\/2026\/08\/b5fe7662-4d34-4be1-9a50-0c3e2759c9de-225x300.jpeg 225w, https:\/\/parafia.bystrzyca.eu\/wp-content\/uploads\/2026\/08\/b5fe7662-4d34-4be1-9a50-0c3e2759c9de-768x1024.jpeg 768w, https:\/\/parafia.bystrzyca.eu\/wp-content\/uploads\/2026\/08\/b5fe7662-4d34-4be1-9a50-0c3e2759c9de-1152x1536.jpeg 1152w, https:\/\/parafia.bystrzyca.eu\/wp-content\/uploads\/2026\/08\/b5fe7662-4d34-4be1-9a50-0c3e2759c9de.jpeg 1200w\" sizes=\"auto, (max-width: 225px) 100vw, 225px\" \/><\/a> <a href=\"https:\/\/parafia.bystrzyca.eu\/wp-content\/uploads\/2026\/08\/1074008a-bc06-4bb8-b557-87cd5c959658.jpeg\"><img loading=\"lazy\" decoding=\"async\" class=\"alignnone wp-image-6090 size-medium\" src=\"https:\/\/parafia.bystrzyca.eu\/wp-content\/uploads\/2026\/08\/1074008a-bc06-4bb8-b557-87cd5c959658-225x300.jpeg\" alt=\"\" width=\"225\" height=\"300\" srcset=\"https:\/\/parafia.bystrzyca.eu\/wp-content\/uploads\/2026\/08\/1074008a-bc06-4bb8-b557-87cd5c959658-225x300.jpeg 225w, https:\/\/parafia.bystrzyca.eu\/wp-content\/uploads\/2026\/08\/1074008a-bc06-4bb8-b557-87cd5c959658-768x1024.jpeg 768w, https:\/\/parafia.bystrzyca.eu\/wp-content\/uploads\/2026\/08\/1074008a-bc06-4bb8-b557-87cd5c959658-1152x1536.jpeg 1152w, https:\/\/parafia.bystrzyca.eu\/wp-content\/uploads\/2026\/08\/1074008a-bc06-4bb8-b557-87cd5c959658.jpeg 1200w\" sizes=\"auto, (max-width: 225px) 100vw, 225px\" \/><\/a> <a href=\"https:\/\/parafia.bystrzyca.eu\/wp-content\/uploads\/2026\/08\/0eadf9d6-d9a0-4fe5-bacf-55d20c68c3fb.jpeg\"><img loading=\"lazy\" decoding=\"async\" class=\"alignnone wp-image-6091 size-medium\" src=\"https:\/\/parafia.bystrzyca.eu\/wp-content\/uploads\/2026\/08\/0eadf9d6-d9a0-4fe5-bacf-55d20c68c3fb-300x225.jpeg\" alt=\"\" width=\"300\" height=\"225\" srcset=\"https:\/\/parafia.bystrzyca.eu\/wp-content\/uploads\/2026\/08\/0eadf9d6-d9a0-4fe5-bacf-55d20c68c3fb-300x225.jpeg 300w, https:\/\/parafia.bystrzyca.eu\/wp-content\/uploads\/2026\/08\/0eadf9d6-d9a0-4fe5-bacf-55d20c68c3fb-1024x768.jpeg 1024w, https:\/\/parafia.bystrzyca.eu\/wp-content\/uploads\/2026\/08\/0eadf9d6-d9a0-4fe5-bacf-55d20c68c3fb-768x576.jpeg 768w, https:\/\/parafia.bystrzyca.eu\/wp-content\/uploads\/2026\/08\/0eadf9d6-d9a0-4fe5-bacf-55d20c68c3fb-1536x1152.jpeg 1536w, https:\/\/parafia.bystrzyca.eu\/wp-content\/uploads\/2026\/08\/0eadf9d6-d9a0-4fe5-bacf-55d20c68c3fb.jpeg 1600w\" sizes=\"auto, (max-width: 300px) 100vw, 300px\" \/><\/a> <a href=\"https:\/\/parafia.bystrzyca.eu\/wp-content\/uploads\/2026\/08\/0ef3b630-a022-4acc-bf73-b3c480e9575b.jpeg\"><img loading=\"lazy\" decoding=\"async\" class=\"alignnone wp-image-6092 size-medium\" src=\"https:\/\/parafia.bystrzyca.eu\/wp-content\/uploads\/2026\/08\/0ef3b630-a022-4acc-bf73-b3c480e9575b-225x300.jpeg\" alt=\"\" width=\"225\" height=\"300\" srcset=\"https:\/\/parafia.bystrzyca.eu\/wp-content\/uploads\/2026\/08\/0ef3b630-a022-4acc-bf73-b3c480e9575b-225x300.jpeg 225w, https:\/\/parafia.bystrzyca.eu\/wp-content\/uploads\/2026\/08\/0ef3b630-a022-4acc-bf73-b3c480e9575b-768x1024.jpeg 768w, https:\/\/parafia.bystrzyca.eu\/wp-content\/uploads\/2026\/08\/0ef3b630-a022-4acc-bf73-b3c480e9575b-1152x1536.jpeg 1152w, https:\/\/parafia.bystrzyca.eu\/wp-content\/uploads\/2026\/08\/0ef3b630-a022-4acc-bf73-b3c480e9575b.jpeg 1200w\" sizes=\"auto, (max-width: 225px) 100vw, 225px\" \/><\/a> <a href=\"https:\/\/parafia.bystrzyca.eu\/wp-content\/uploads\/2026\/08\/f7ea4566-7619-448a-9b6e-7a81edd6dd76.jpeg\"><img loading=\"lazy\" decoding=\"async\" class=\"alignnone wp-image-6093 size-medium\" src=\"https:\/\/parafia.bystrzyca.eu\/wp-content\/uploads\/2026\/08\/f7ea4566-7619-448a-9b6e-7a81edd6dd76-191x300.jpeg\" alt=\"\" width=\"191\" height=\"300\" srcset=\"https:\/\/parafia.bystrzyca.eu\/wp-content\/uploads\/2026\/08\/f7ea4566-7619-448a-9b6e-7a81edd6dd76-191x300.jpeg 191w, https:\/\/parafia.bystrzyca.eu\/wp-content\/uploads\/2026\/08\/f7ea4566-7619-448a-9b6e-7a81edd6dd76-653x1024.jpeg 653w, https:\/\/parafia.bystrzyca.eu\/wp-content\/uploads\/2026\/08\/f7ea4566-7619-448a-9b6e-7a81edd6dd76-768x1205.jpeg 768w, https:\/\/parafia.bystrzyca.eu\/wp-content\/uploads\/2026\/08\/f7ea4566-7619-448a-9b6e-7a81edd6dd76-979x1536.jpeg 979w, https:\/\/parafia.bystrzyca.eu\/wp-content\/uploads\/2026\/08\/f7ea4566-7619-448a-9b6e-7a81edd6dd76.jpeg 1020w\" sizes=\"auto, (max-width: 191px) 100vw, 191px\" \/><\/a> <a href=\"https:\/\/parafia.bystrzyca.eu\/wp-content\/uploads\/2026\/08\/7acdeefb-93b6-4f0b-aba0-35c78c10b314.jpeg\"><img loading=\"lazy\" decoding=\"async\" class=\"alignnone wp-image-6094 size-medium\" src=\"https:\/\/parafia.bystrzyca.eu\/wp-content\/uploads\/2026\/08\/7acdeefb-93b6-4f0b-aba0-35c78c10b314-300x225.jpeg\" alt=\"\" width=\"300\" height=\"225\" srcset=\"https:\/\/parafia.bystrzyca.eu\/wp-content\/uploads\/2026\/08\/7acdeefb-93b6-4f0b-aba0-35c78c10b314-300x225.jpeg 300w, https:\/\/parafia.bystrzyca.eu\/wp-content\/uploads\/2026\/08\/7acdeefb-93b6-4f0b-aba0-35c78c10b314-1024x768.jpeg 1024w, https:\/\/parafia.bystrzyca.eu\/wp-content\/uploads\/2026\/08\/7acdeefb-93b6-4f0b-aba0-35c78c10b314-768x576.jpeg 768w, https:\/\/parafia.bystrzyca.eu\/wp-content\/uploads\/2026\/08\/7acdeefb-93b6-4f0b-aba0-35c78c10b314-1536x1152.jpeg 1536w, https:\/\/parafia.bystrzyca.eu\/wp-content\/uploads\/2026\/08\/7acdeefb-93b6-4f0b-aba0-35c78c10b314.jpeg 1600w\" sizes=\"auto, (max-width: 300px) 100vw, 300px\" \/><\/a> <a href=\"https:\/\/parafia.bystrzyca.eu\/wp-content\/uploads\/2026\/08\/75fa9d94-69e6-470e-8360-0d6d33d57039.jpeg\"><img loading=\"lazy\" decoding=\"async\" class=\"alignnone wp-image-6095 size-medium\" src=\"https:\/\/parafia.bystrzyca.eu\/wp-content\/uploads\/2026\/08\/75fa9d94-69e6-470e-8360-0d6d33d57039-300x225.jpeg\" alt=\"\" width=\"300\" height=\"225\" srcset=\"https:\/\/parafia.bystrzyca.eu\/wp-content\/uploads\/2026\/08\/75fa9d94-69e6-470e-8360-0d6d33d57039-300x225.jpeg 300w, https:\/\/parafia.bystrzyca.eu\/wp-content\/uploads\/2026\/08\/75fa9d94-69e6-470e-8360-0d6d33d57039-1024x768.jpeg 1024w, https:\/\/parafia.bystrzyca.eu\/wp-content\/uploads\/2026\/08\/75fa9d94-69e6-470e-8360-0d6d33d57039-768x576.jpeg 768w, https:\/\/parafia.bystrzyca.eu\/wp-content\/uploads\/2026\/08\/75fa9d94-69e6-470e-8360-0d6d33d57039-1536x1152.jpeg 1536w, https:\/\/parafia.bystrzyca.eu\/wp-content\/uploads\/2026\/08\/75fa9d94-69e6-470e-8360-0d6d33d57039.jpeg 1600w\" sizes=\"auto, (max-width: 300px) 100vw, 300px\" \/><\/a> <a href=\"https:\/\/parafia.bystrzyca.eu\/wp-content\/uploads\/2026\/08\/d3748481-f1e5-4f08-9c0f-051ecadd3da1.jpeg\"><img loading=\"lazy\" decoding=\"async\" class=\"alignnone wp-image-6096 size-medium\" src=\"https:\/\/parafia.bystrzyca.eu\/wp-content\/uploads\/2026\/08\/d3748481-f1e5-4f08-9c0f-051ecadd3da1-300x225.jpeg\" alt=\"\" width=\"300\" height=\"225\" srcset=\"https:\/\/parafia.bystrzyca.eu\/wp-content\/uploads\/2026\/08\/d3748481-f1e5-4f08-9c0f-051ecadd3da1-300x225.jpeg 300w, https:\/\/parafia.bystrzyca.eu\/wp-content\/uploads\/2026\/08\/d3748481-f1e5-4f08-9c0f-051ecadd3da1-1024x768.jpeg 1024w, https:\/\/parafia.bystrzyca.eu\/wp-content\/uploads\/2026\/08\/d3748481-f1e5-4f08-9c0f-051ecadd3da1-768x576.jpeg 768w, https:\/\/parafia.bystrzyca.eu\/wp-content\/uploads\/2026\/08\/d3748481-f1e5-4f08-9c0f-051ecadd3da1-1536x1152.jpeg 1536w, https:\/\/parafia.bystrzyca.eu\/wp-content\/uploads\/2026\/08\/d3748481-f1e5-4f08-9c0f-051ecadd3da1.jpeg 1600w\" sizes=\"auto, (max-width: 300px) 100vw, 300px\" \/><\/a> <a href=\"https:\/\/parafia.bystrzyca.eu\/wp-content\/uploads\/2026\/08\/a5982eca-bb1b-4198-b3ce-40bd8da57b5d.jpeg\"><img loading=\"lazy\" decoding=\"async\" class=\"alignnone wp-image-6097 size-medium\" src=\"https:\/\/parafia.bystrzyca.eu\/wp-content\/uploads\/2026\/08\/a5982eca-bb1b-4198-b3ce-40bd8da57b5d-195x300.jpeg\" alt=\"\" width=\"195\" height=\"300\" srcset=\"https:\/\/parafia.bystrzyca.eu\/wp-content\/uploads\/2026\/08\/a5982eca-bb1b-4198-b3ce-40bd8da57b5d-195x300.jpeg 195w, https:\/\/parafia.bystrzyca.eu\/wp-content\/uploads\/2026\/08\/a5982eca-bb1b-4198-b3ce-40bd8da57b5d-664x1024.jpeg 664w, https:\/\/parafia.bystrzyca.eu\/wp-content\/uploads\/2026\/08\/a5982eca-bb1b-4198-b3ce-40bd8da57b5d-768x1184.jpeg 768w, https:\/\/parafia.bystrzyca.eu\/wp-content\/uploads\/2026\/08\/a5982eca-bb1b-4198-b3ce-40bd8da57b5d-996x1536.jpeg 996w, https:\/\/parafia.bystrzyca.eu\/wp-content\/uploads\/2026\/08\/a5982eca-bb1b-4198-b3ce-40bd8da57b5d.jpeg 1038w\" sizes=\"auto, (max-width: 195px) 100vw, 195px\" \/><\/a> <img loading=\"lazy\" decoding=\"async\" class=\"alignnone size-medium wp-image-6098\" src=\"https:\/\/parafia.bystrzyca.eu\/wp-content\/uploads\/2026\/08\/e50f1b39-bf09-4d40-98a9-8cb906479387-225x300.jpeg\" alt=\"\" width=\"225\" height=\"300\" srcset=\"https:\/\/parafia.bystrzyca.eu\/wp-content\/uploads\/2026\/08\/e50f1b39-bf09-4d40-98a9-8cb906479387-225x300.jpeg 225w, https:\/\/parafia.bystrzyca.eu\/wp-content\/uploads\/2026\/08\/e50f1b39-bf09-4d40-98a9-8cb906479387-768x1024.jpeg 768w, https:\/\/parafia.bystrzyca.eu\/wp-content\/uploads\/2026\/08\/e50f1b39-bf09-4d40-98a9-8cb906479387-1152x1536.jpeg 1152w, https:\/\/parafia.bystrzyca.eu\/wp-content\/uploads\/2026\/08\/e50f1b39-bf09-4d40-98a9-8cb906479387.jpeg 1200w\" sizes=\"auto, (max-width: 225px) 100vw, 225px\" \/><\/p>\n","protected":false},"excerpt":{"rendered":"<p>Dzisiaj przedstawiciele naszej parafii wraz z ks. Adrianem uczestniczyli w \u015awidnicy w uroczystym rozpocz\u0119ciu peregrynacji Cudownego Obrazu Matki Bo\u017cej Cz\u0119stochowskiej w diecezji \u015bwidnickiej. \ud83d\ude4f Po powitaniu Obrazu na \u015bwidnickim Rynku wierni w procesji przeszli do katedry, gdzie sprawowana by\u0142a uroczysta Eucharystia pod przewodnictwem metropolity wroc\u0142awskiego. To pocz\u0105tek szczeg\u00f3lnego czasu dla ca\u0142ej naszej diecezji. Niech Maryja &hellip; <\/p>\n<p class=\"link-more\"><a href=\"https:\/\/parafia.bystrzyca.eu\/?p=6085\" class=\"more-link\">Czytaj dalej<span class=\"screen-reader-text\"> \u201e26.08.2026 WYJAZD NA ROZPOCZ\u0118CIE PEREGRYNACJI OBRAZU MATKI BO\u017bEJ CZ\u0118STOCHOWSKIEJ\u201d<\/span><\/a><\/p>\n","protected":false},"author":8,"featured_media":0,"comment_status":"closed","ping_status":"closed","sticky":false,"template":"","format":"standard","meta":{"footnotes":""},"categories":[274,111],"tags":[],"class_list":["post-6085","post","type-post","status-publish","format-standard","hentry","category-274","category-a"],"_links":{"self":[{"href":"https:\/\/parafia.bystrzyca.eu\/index.php?rest_route=\/wp\/v2\/posts\/6085","targetHints":{"allow":["GET"]}}],"collection":[{"href":"https:\/\/parafia.bystrzyca.eu\/index.php?rest_route=\/wp\/v2\/posts"}],"about":[{"href":"https:\/\/parafia.bystrzyca.eu\/index.php?rest_route=\/wp\/v2\/types\/post"}],"author":[{"embeddable":true,"href":"https:\/\/parafia.bystrzyca.eu\/index.php?rest_route=\/wp\/v2\/users\/8"}],"replies":[{"embeddable":true,"href":"https:\/\/parafia.bystrzyca.eu\/index.php?rest_route=%2Fwp%2Fv2%2Fcomments&post=6085"}],"version-history":[{"count":1,"href":"https:\/\/parafia.bystrzyca.eu\/index.php?rest_route=\/wp\/v2\/posts\/6085\/revisions"}],"predecessor-version":[{"id":6099,"href":"https:\/\/parafia.bystrzyca.eu\/index.php?rest_route=\/wp\/v2\/posts\/6085\/revisions\/6099"}],"wp:attachment":[{"href":"https:\/\/parafia.bystrzyca.eu\/index.php?rest_route=%2Fwp%2Fv2%2Fmedia&parent=6085"}],"wp:term":[{"taxonomy":"category","embeddable":true,"href":"https:\/\/parafia.bystrzyca.eu\/index.php?rest_route=%2Fwp%2Fv2%2Fcategories&post=6085"},{"taxonomy":"post_tag","embeddable":true,"href":"https:\/\/parafia.bystrzyca.eu\/index.php?rest_route=%2Fwp%2Fv2%2Ftags&post=6085"}],"curies":[{"name":"wp","href":"https:\/\/api.w.org\/{rel}","templated":true}]}}